{"id":48,"date":"2016-09-17T14:23:55","date_gmt":"2016-09-17T14:23:55","guid":{"rendered":"http:\/\/proyectorbarato.com\/v2\/blog\/?p=48"},"modified":"2019-08-06T11:22:24","modified_gmt":"2019-08-06T09:22:24","slug":"proyectorbarato-com-cumple-11-anos","status":"publish","type":"post","link":"https:\/\/www.proyectorbarato.com\/blog\/2016\/09\/17\/proyectorbarato-com-cumple-11-anos\/","title":{"rendered":"Proyectorbarato.com cumple 11 a\u00f1os de vida!"},"content":{"rendered":"<p style=\"text-align: justify;\">Hace ya 11 a\u00f1os lanzamos por primera vez la que es ya vuestra web de referencia en proyectores, pantallas de proyecci\u00f3n y accesorios para proyectores en general.&nbsp; Celebramos nuestro und\u00e9cimo cumplea\u00f1os con alegr\u00eda de celebrarlo con tod@s vosotr@s y sobre todo agradecidos infinitamente por vuestros comentarios y apoyos en esta nueva etapa que presentamos.<\/p>\n<p style=\"text-align: justify;\">Arrancamos nuestro cumplea\u00f1os con el redise\u00f1o de la web a la \u00faltima tecnolog\u00eda PHP 5.5 de m\u00e1xima seguridad, adaptado a los nuevos est\u00e1ndares multidispositivos. La nueva web es adaptable en formatos personalizados para ordenador, tablet y tel\u00e9fonos m\u00f3viles. Este nuevo dise\u00f1o facilitar\u00e1 la navegaci\u00f3n, la seguridad y la fluidez en todo el sistema. Ahora tendremos el m\u00e1ximo detalle en las fichas de los productos, con video blogs, galer\u00eda de productos ampliada, b\u00fasqueda por filtros clasificados seg\u00fan producto, descripciones de los productos m\u00e1s detalladas y configurables para cualquier sistema operativo y navegador.<\/p>\n<h2>Proyectorbarato.com cumple 11 a\u00f1os con nuevos cambios en su web<\/h2>\n<p style=\"text-align: justify;\">A continuaci\u00f3n mostramos el antes y despu\u00e9s al detalle de todos los cambios que encontrareis en la nueva web de proyectorbarato.com:<\/p>\n<p style=\"text-align: justify;\"><img loading=\"lazy\" class=\"alignnone wp-image-2926 size-full\" title=\"antigua web proyectorbarato.com\" src=\"https:\/\/www.proyectorbarato.com\/blog\/wp-content\/uploads\/2016\/05\/Captura-de-pantalla-2016-04-28-a-las-23.09.13.png\" alt=\"Captura de pantalla de la antigua web de proyectorbarato.com ofrecida desde 2005 hasta 2016\" width=\"1005\" height=\"706\"><br \/>\n<em><strong>Captura de pantalla de la antigua web de proyectorbarato.com ofrecida desde 2005 hasta 2016<\/strong><\/em><\/p>\n<p style=\"text-align: justify;\">En la antigua web realizada por tablas ten\u00edamos un contenido v\u00e1lido para ordenador pero no adaptable a tel\u00e9fonos m\u00f3viles ni tablets, es decir: no era un dise\u00f1o responsive.<\/p>\n<p style=\"text-align: justify;\"><img loading=\"lazy\" class=\"alignnone wp-image-2925 size-large\" src=\"https:\/\/www.proyectorbarato.com\/blog\/wp-content\/uploads\/2016\/05\/Captura-de-pantalla-2016-04-28-a-las-23.03.49-1024x562.png\" alt=\"Dise\u00f1o renovado de la nueva web de proyectorbarato.com adaptado a las nuevas tecnolog\u00edas.\" width=\"1020\" height=\"560\"><br \/>\n<em><strong>Dise\u00f1o renovado de la nueva web de proyectorbarato.com adaptado a las nuevas tecnolog\u00edas.<\/strong><\/em><\/p>\n<h2 style=\"text-align: justify;\"><em><strong><\/p>\n<p><\/strong><\/em><em><strong>Nuevo aspecto, mejor usabilidad<\/strong><\/em><\/h2>\n<p style=\"text-align: justify;\">Como vemos, en el nuevo dise\u00f1o, que coincide en el momento en el que&nbsp; Proyectorbarato.com cumple hoy 11 a\u00f1os de vida!<\/p>\n<p style=\"text-align: justify;\">Hemos renovado por completo el indice de la tienda, ofreciendo una informaci\u00f3n m\u00e1s clara y detallada de los productos, gracias a la nueva maquetaci\u00f3n CSS3 podemos ofrecer una f\u00e1cil navegaci\u00f3n y ampliada al usuario.<\/p>\n<p style=\"text-align: justify;\"><img loading=\"lazy\" class=\"alignnone wp-image-2957 size-full\" src=\"https:\/\/www.proyectorbarato.com\/blog\/wp-content\/uploads\/2016\/05\/Captura-de-pantalla-2016-04-28-a-las-23.09.56.png\" alt=\"Pagina de inicio de la antigua web de PROYECTORBARATO.COM ofrecida desde 2005 - 2016\" width=\"811\" height=\"674\"><em><strong>Pagina de inicio de la antigua web de PROYECTORBARATO.COM ofrecida desde 2005 &#8211; 2016<\/strong><\/em><\/p>\n<p style=\"text-align: justify;\">El tama\u00f1o de las im\u00e1genes de los productos, descripci\u00f3n y detalle era muy reducido debido al desarrollo de la web en tablas. Esto limitaba la usabilidad del sitio , siendo v\u00e1lido para uso en ordenador pero ilegible para el acceso a las nuevas tecnolog\u00edas: tablets y dispositivos m\u00f3viles.<\/p>\n<p style=\"text-align: justify;\" data-wp-editing=\"1\"><img loading=\"lazy\" class=\"alignnone size-large wp-image-2958\" src=\"https:\/\/www.proyectorbarato.com\/blog\/wp-content\/uploads\/2016\/05\/categorias-indice-proyector-barato-1024x671.jpg\" alt=\"categorias-indice-proyector-barato\" width=\"1020\" height=\"668\"><em><strong>Pagina de inicio de la nueva web de PROYECTORBARATO.COM presentada en 2016.<\/strong><\/em><\/p>\n<h2 style=\"text-align: justify;\"><em><strong>Nuevo dise\u00f1o responsive<\/strong><\/em><\/h2>\n<p style=\"text-align: justify;\">Como observamos en el gr\u00e1fico de arriba se ha renovado por completo el \u00edndice de la web ofreciendo una segmentaci\u00f3n del \u00edndice por productos. De esta forma se ha facilitado la usabilidad y manejo de la web.<\/p>\n<p style=\"text-align: justify;\">Las im\u00e1genes de los productos son grandes y detalladas, la descripci\u00f3n es clara, los botones son grandes y adaptativos seg\u00fan el dispositivo que vayamos a usar. Es decir, si accedemos a la web desde un dispositivo m\u00f3vil el aspecto ser\u00e1 diferente de si lo vemos en un ordenador.<\/p>\n<p style=\"text-align: justify;\">La pagina web es responsive y adaptable a cualquier dispositivo m\u00f3vil, facilitando su manejo y seguridad para el usuario.<\/p>\n<p style=\"text-align: justify;\">Esperamos que os guste <a href=\"https:\/\/www.proyectorbarato.com\/\">el resultado<\/a>, pues para nosotros es el motivo principal de renovar el dise\u00f1o, hacer una web por y para las necesidades de los usuarios.<\/p>\n<p style=\"text-align: justify;\">Esperamos poder transmitirlo d\u00eda a d\u00eda como llevamos haciendo desde hace ya 11 a\u00f1os <img loading=\"lazy\" class=\"alignnone wp-image-2959\" src=\"https:\/\/www.proyectorbarato.com\/blog\/wp-content\/uploads\/2016\/05\/heart-shaped-three-layered-cake-2.png\" alt=\"heart-shaped-three-layered-cake (2)\" width=\"40\" height=\"40\"><\/p>\n","protected":false},"excerpt":{"rendered":"<p>Hace ya 11 a\u00f1os lanzamos por primera vez la que es ya vuestra web de referencia en proyectores, pantallas de proyecci\u00f3n y accesorios para proyectores en general.&nbsp; Celebramos nuestro und\u00e9cimo cumplea\u00f1os con alegr\u00eda de celebrarlo con tod@s vosotr@s y sobre todo agradecidos infinitamente por vuestros comentarios y apoyos en esta nueva etapa que presentamos. Arrancamos [&hellip;]<\/p>\n","protected":false},"author":2,"featured_media":51,"comment_status":"open","ping_status":"open","sticky":false,"template":"","format":"standard","meta":{"_et_pb_use_builder":"","_et_pb_old_content":""},"categories":[3],"tags":[],"_links":{"self":[{"href":"https:\/\/www.proyectorbarato.com\/blog\/wp-json\/wp\/v2\/posts\/48"}],"collection":[{"href":"https:\/\/www.proyectorbarato.com\/blog\/wp-json\/wp\/v2\/posts"}],"about":[{"href":"https:\/\/www.proyectorbarato.com\/blog\/wp-json\/wp\/v2\/types\/post"}],"author":[{"embeddable":true,"href":"https:\/\/www.proyectorbarato.com\/blog\/wp-json\/wp\/v2\/users\/2"}],"replies":[{"embeddable":true,"href":"https:\/\/www.proyectorbarato.com\/blog\/wp-json\/wp\/v2\/comments?post=48"}],"version-history":[{"count":14,"href":"https:\/\/www.proyectorbarato.com\/blog\/wp-json\/wp\/v2\/posts\/48\/revisions"}],"predecessor-version":[{"id":181,"href":"https:\/\/www.proyectorbarato.com\/blog\/wp-json\/wp\/v2\/posts\/48\/revisions\/181"}],"wp:featuredmedia":[{"embeddable":true,"href":"https:\/\/www.proyectorbarato.com\/blog\/wp-json\/wp\/v2\/media\/51"}],"wp:attachment":[{"href":"https:\/\/www.proyectorbarato.com\/blog\/wp-json\/wp\/v2\/media?parent=48"}],"wp:term":[{"taxonomy":"category","embeddable":true,"href":"https:\/\/www.proyectorbarato.com\/blog\/wp-json\/wp\/v2\/categories?post=48"},{"taxonomy":"post_tag","embeddable":true,"href":"https:\/\/www.proyectorbarato.com\/blog\/wp-json\/wp\/v2\/tags?post=48"}],"curies":[{"name":"wp","href":"https:\/\/api.w.org\/{rel}","templated":true}]}}